{"id":5386,"date":"2020-01-22T09:05:03","date_gmt":"2020-01-22T09:05:03","guid":{"rendered":"http:\/\/www.schuetzengoldach.ch\/WordPress\/?p=5386"},"modified":"2020-01-22T09:05:07","modified_gmt":"2020-01-22T09:05:07","slug":"bericht-vom-st-galler-tagblatt-2020-01-20-ralf-ruethemann","status":"publish","type":"post","link":"https:\/\/www.schuetzengoldach.ch\/WordPress\/?p=5386","title":{"rendered":"Bericht vom St. Galler Tagblatt 2020-01-20 (Ralf R\u00fcthemann)"},"content":{"rendered":"\n<p><strong> Goldach: Beim Volksschiessen fehlt es an \u00d6strogen <\/strong><\/p>\n\n\n<p>Die Sch\u00fctzengesellschaft Goldach hat Gross, Klein, Mann und Frau zum Luftgewehr-Volksschiessen eingeladen. Gekommen sind vor allem Mannen und Buben.<\/p>\n<figure id=\"attachment_5387\" aria-describedby=\"caption-attachment-5387\" style=\"width: 300px\" class=\"wp-caption alignnone\"><img data-recalc-dims=\"1\" loading=\"lazy\" decoding=\"async\" data-attachment-id=\"5387\" data-permalink=\"https:\/\/www.schuetzengoldach.ch\/WordPress\/?attachment_id=5387\" data-orig-file=\"https:\/\/i0.wp.com\/www.schuetzengoldach.ch\/WordPress\/wp-content\/uploads\/2020\/01\/d79ef34b-0e2c-4d23-94ab-f2f09bd450ee.jpeg?fit=1360%2C1022&amp;ssl=1\" data-orig-size=\"1360,1022\" data-comments-opened=\"0\" data-image-meta=\"{&quot;aperture&quot;:&quot;0&quot;,&quot;credit&quot;:&quot;&quot;,&quot;camera&quot;:&quot;&quot;,&quot;caption&quot;:&quot;&quot;,&quot;created_timestamp&quot;:&quot;0&quot;,&quot;copyright&quot;:&quot;&quot;,&quot;focal_length&quot;:&quot;0&quot;,&quot;iso&quot;:&quot;0&quot;,&quot;shutter_speed&quot;:&quot;0&quot;,&quot;title&quot;:&quot;&quot;,&quot;orientation&quot;:&quot;0&quot;}\" data-image-title=\"d79ef34b-0e2c-4d23-94ab-f2f09bd450ee\" data-image-description=\"&lt;p&gt;Bild: Ralf R\u00fcthemann&lt;\/p&gt;\n\" data-image-caption=\"\" data-large-file=\"https:\/\/i0.wp.com\/www.schuetzengoldach.ch\/WordPress\/wp-content\/uploads\/2020\/01\/d79ef34b-0e2c-4d23-94ab-f2f09bd450ee.jpeg?fit=840%2C632&amp;ssl=1\" class=\"wp-image-5387 size-medium\" style=\"font-weight: bold; background-color: transparent; text-align: inherit; font-size: 1rem;\" src=\"https:\/\/i0.wp.com\/www.schuetzengoldach.ch\/WordPress\/wp-content\/uploads\/2020\/01\/d79ef34b-0e2c-4d23-94ab-f2f09bd450ee.jpeg?resize=300%2C225&#038;ssl=1\" alt=\"Vor allem Mannen und Buben haben den Weg in den Sch\u00fctzenkeller im TZM gefunden\" width=\"300\" height=\"225\" srcset=\"https:\/\/i0.wp.com\/www.schuetzengoldach.ch\/WordPress\/wp-content\/uploads\/2020\/01\/d79ef34b-0e2c-4d23-94ab-f2f09bd450ee.jpeg?resize=300%2C225&amp;ssl=1 300w, https:\/\/i0.wp.com\/www.schuetzengoldach.ch\/WordPress\/wp-content\/uploads\/2020\/01\/d79ef34b-0e2c-4d23-94ab-f2f09bd450ee.jpeg?resize=1024%2C770&amp;ssl=1 1024w, https:\/\/i0.wp.com\/www.schuetzengoldach.ch\/WordPress\/wp-content\/uploads\/2020\/01\/d79ef34b-0e2c-4d23-94ab-f2f09bd450ee.jpeg?resize=768%2C577&amp;ssl=1 768w, https:\/\/i0.wp.com\/www.schuetzengoldach.ch\/WordPress\/wp-content\/uploads\/2020\/01\/d79ef34b-0e2c-4d23-94ab-f2f09bd450ee.jpeg?resize=1200%2C902&amp;ssl=1 1200w, https:\/\/i0.wp.com\/www.schuetzengoldach.ch\/WordPress\/wp-content\/uploads\/2020\/01\/d79ef34b-0e2c-4d23-94ab-f2f09bd450ee.jpeg?w=1360&amp;ssl=1 1360w\" sizes=\"auto, (max-width: 300px) 85vw, 300px\" \/><figcaption id=\"caption-attachment-5387\" class=\"wp-caption-text\">Bild: Ralf R\u00fcthemann<\/figcaption><\/figure>\n<p class=\"image-description__caption image-description__caption--large\" data-nzz-tid=\"image-description-caption\">Vor allem Mannen und Buben haben den Weg in den Sch\u00fctzenkeller im TZM gefunden<\/p>\n<p>\u00abBruno, das Tagblatt ist da!\u00bb, ruft Andrea Beerle, die alle Teilnehmer am Luftgewehr-Volksschiessen im TZM Goldach empf\u00e4ngt. Mehrere Blicke schwenken zum Eingang und es scheint fast ein kurzer Schreckmoment zu sein, das Erscheinen eines Tagblatt-Journalisten. Die Luftgewehrsch\u00fctzen lassen sich jedoch nicht aus der Ruhe bringen, auch die etwas stickige Luft im Sch\u00fctzenkeller stecken die Sch\u00fctzinnen und Sch\u00fctzen wohl unbek\u00fcmmert weg.<\/p>\n<p>Die weibliche Form k\u00f6nnte man hier eigentlich schon fast weglassen, denn die Damen und M\u00e4dchen sind an diesem Samstagmorgen an einer Hand abzuz\u00e4hlen. Und dies, obwohl sie besser schiessen k\u00f6nnen als die M\u00e4nner! Das hat Bruno Hauser, Ehrenpr\u00e4sident der Sch\u00fctzengesellschaft Goldach, so gesagt.<\/p>\n<p style=\"text-align: center;\"><strong>\u00abWir k\u00f6nnen es uns auch nicht genau erkl\u00e4ren, aber die M\u00e4dchen schneiden oftmals besser ab als die Buben.\u00bb<\/strong><\/p>\n<p>Eine Frauenquote in der Sch\u00fctzengesellschaft Goldach w\u00fcrde also durchaus Sinn machen.<\/p>\n<p><strong>Das Auge macht nicht mit<\/strong><\/p>\n<p>Endlich ist eine Bahn frei, das Luftgewehrschiessen auf zehn Meter muss jetzt mal ausprobiert werden. Bruno Hauser ist zur Stelle, er erkl\u00e4rt den Aufbau des Gewehrs und zeigt, wie es geladen werden muss. Wer einen R\u00fcckstoss wie bei einem Sturmgewehr erwartet, wird entt\u00e4uscht. Der erste Probeschuss entweicht beinahe unbemerkt. Nach ein paar mehr oder weniger erfolgreichen Probesch\u00fcssen gilt es schliesslich ernst. Jetzt z\u00e4hlt es, jetzt muss geliefert werden, sonst gibt es am Schluss kein Abzeichen. Bruno Hauser bringt aber wieder etwas Ruhe ins Spiel:<\/p>\n<p style=\"text-align: center;\"><strong>\u00abEinfach nicht die Zehn schiessen wollen, <\/strong><strong>sonst verkrampft man sich und dann kommt es nicht gut.\u00bb<\/strong><\/p>\n<p>Zehn Sch\u00fcsse auf f\u00fcnf Zielscheiben umfasst das Testprogramm. \u00abErst zielen, wenn du den Druckpunkt bereits erreicht hast\u00bb, sagt Bruno Hauser. \u00abSonst wird das Auge schnell m\u00fcde.\u00bb Langsam sind es zu viele Anweisungen, jetzt wird halt einfach abgedr\u00fcckt. Schuss um Schuss. Schnell wird jedoch klar, dass Bruno Hauser wohl doch recht hatte. Am Schluss l\u00e4uft es dann doch noch rund und die Bleik\u00fcgelchen landen voll in der Mitte der Zielscheibe. Es reicht \u2013 wohl mit etwas Gl\u00fcck \u2013 f\u00fcr 83 Punkte von m\u00f6glichen 100. \u00abNicht schlecht f\u00fcrs erste Mal, wir m\u00fcssten dich eigentlich schon fast engagieren\u00bb, sagt Bruno Hauser.<\/p>\n<p><strong>Es reicht f\u00fcr Bronze<\/strong><\/p>\n<p>Es sind nicht wenige Sch\u00fctzen und nun sogar auch ein paar Sch\u00fctzinnen, die sich im Keller angesammelt haben. Laut ist es aber nicht, schon fast stoisch ruhig sogar. Lediglich ein leises Klicken nach jeder Schussabgabe ist zu h\u00f6ren.<\/p>\n<p>Zeit, die eigene Schusskarte auswerten zu gehen. Ob die erzielten 83 Punkte nun f\u00fcr ein Abzeichen reichen, ist noch ungewiss. Erst bei der Auswertung durch Andrea Beerle heisst es dann: Bronzeabzeichen! Man h\u00e4tte sich auch f\u00fcr eine Vier-Franken-Karte entscheiden und diese dann noch einmal f\u00fcr ein Testprogramm einl\u00f6sen k\u00f6nnen, doch die kleine Bronzeplakette schien die bessere Entscheidung zu sein. F\u00fcr Gold oder Silber wird es so oder so nicht reichen, dazu fehlt es wohl einfach etwas an \u00d6strogen.<\/p>\n<p><a href=\"https:\/\/www.tagblatt.ch\/ostschweiz\/stgallen\/goldach-beim-volksschiessen-fehlt-es-an-oestrogen-ld.1186788\" target=\"_blank\" rel=\"noopener noreferrer\">Bericht vom St. Galler Tagblatt 2020-01-20 (Ralf R\u00fcthemann)<\/a><\/p>","protected":false},"excerpt":{"rendered":"<p>Goldach: Beim Volksschiessen fehlt es an \u00d6strogen Die Sch\u00fctzengesellschaft Goldach hat Gross, Klein, Mann und Frau zum Luftgewehr-Volksschiessen eingeladen. Gekommen sind vor allem Mannen und Buben. Vor allem Mannen und Buben haben den Weg in den Sch\u00fctzenkeller im TZM gefunden \u00abBruno, das Tagblatt ist da!\u00bb, ruft Andrea Beerle, die alle Teilnehmer am Luftgewehr-Volksschiessen im TZM &hellip; <a href=\"https:\/\/www.schuetzengoldach.ch\/WordPress\/?p=5386\" class=\"more-link\"><span class=\"screen-reader-text\">\u201eBericht vom St. Galler Tagblatt 2020-01-20 (Ralf R\u00fcthemann)\u201c <\/span>weiterlesen<\/a><\/p>\n","protected":false},"author":1,"featured_media":0,"comment_status":"closed","ping_status":"closed","sticky":false,"template":"","format":"standard","meta":{"ngg_post_thumbnail":0,"jetpack_post_was_ever_published":false,"_jetpack_newsletter_access":"","_jetpack_dont_email_post_to_subs":false,"_jetpack_newsletter_tier_id":0,"_jetpack_memberships_contains_paywalled_content":false,"_jetpack_memberships_contains_paid_content":false,"footnotes":"","jetpack_publicize_message":"","jetpack_publicize_feature_enabled":true,"jetpack_social_post_already_shared":true,"jetpack_social_options":{"image_generator_settings":{"template":"highway","default_image_id":0,"font":"","enabled":false},"version":2}},"categories":[12],"tags":[],"class_list":["post-5386","post","type-post","status-publish","format-standard","hentry","category-news"],"jetpack_publicize_connections":[],"jetpack_featured_media_url":"","jetpack_sharing_enabled":true,"jetpack_shortlink":"https:\/\/wp.me\/p7FXO8-1oS","jetpack-related-posts":[],"_links":{"self":[{"href":"https:\/\/www.schuetzengoldach.ch\/WordPress\/index.php?rest_route=\/wp\/v2\/posts\/5386","targetHints":{"allow":["GET"]}}],"collection":[{"href":"https:\/\/www.schuetzengoldach.ch\/WordPress\/index.php?rest_route=\/wp\/v2\/posts"}],"about":[{"href":"https:\/\/www.schuetzengoldach.ch\/WordPress\/index.php?rest_route=\/wp\/v2\/types\/post"}],"author":[{"embeddable":true,"href":"https:\/\/www.schuetzengoldach.ch\/WordPress\/index.php?rest_route=\/wp\/v2\/users\/1"}],"replies":[{"embeddable":true,"href":"https:\/\/www.schuetzengoldach.ch\/WordPress\/index.php?rest_route=%2Fwp%2Fv2%2Fcomments&post=5386"}],"version-history":[{"count":1,"href":"https:\/\/www.schuetzengoldach.ch\/WordPress\/index.php?rest_route=\/wp\/v2\/posts\/5386\/revisions"}],"predecessor-version":[{"id":5388,"href":"https:\/\/www.schuetzengoldach.ch\/WordPress\/index.php?rest_route=\/wp\/v2\/posts\/5386\/revisions\/5388"}],"wp:attachment":[{"href":"https:\/\/www.schuetzengoldach.ch\/WordPress\/index.php?rest_route=%2Fwp%2Fv2%2Fmedia&parent=5386"}],"wp:term":[{"taxonomy":"category","embeddable":true,"href":"https:\/\/www.schuetzengoldach.ch\/WordPress\/index.php?rest_route=%2Fwp%2Fv2%2Fcategories&post=5386"},{"taxonomy":"post_tag","embeddable":true,"href":"https:\/\/www.schuetzengoldach.ch\/WordPress\/index.php?rest_route=%2Fwp%2Fv2%2Ftags&post=5386"}],"curies":[{"name":"wp","href":"https:\/\/api.w.org\/{rel}","templated":true}]}}