{"id":6228,"date":"2021-05-14T14:41:49","date_gmt":"2021-05-14T14:41:49","guid":{"rendered":"http:\/\/www.schuetzengoldach.ch\/WordPress\/?p=6228"},"modified":"2021-05-28T08:32:02","modified_gmt":"2021-05-28T08:32:02","slug":"eidgenoessisches-feldschiessen-2021","status":"publish","type":"post","link":"https:\/\/www.schuetzengoldach.ch\/WordPress\/?p=6228","title":{"rendered":"Eidgen\u00f6ssisches Feldschiessen 2021"},"content":{"rendered":"\n<figure class=\"wp-block-image size-large\"><img data-recalc-dims=\"1\" loading=\"lazy\" decoding=\"async\" width=\"388\" height=\"512\" data-attachment-id=\"6229\" data-permalink=\"https:\/\/www.schuetzengoldach.ch\/WordPress\/?attachment_id=6229\" data-orig-file=\"https:\/\/i0.wp.com\/www.schuetzengoldach.ch\/WordPress\/wp-content\/uploads\/2021\/05\/Logo-Feldschiessen-2021.jpg?fit=388%2C512&amp;ssl=1\" data-orig-size=\"388,512\" data-comments-opened=\"0\" data-image-meta=\"{&quot;aperture&quot;:&quot;0&quot;,&quot;credit&quot;:&quot;&quot;,&quot;camera&quot;:&quot;&quot;,&quot;caption&quot;:&quot;&quot;,&quot;created_timestamp&quot;:&quot;0&quot;,&quot;copyright&quot;:&quot;&quot;,&quot;focal_length&quot;:&quot;0&quot;,&quot;iso&quot;:&quot;0&quot;,&quot;shutter_speed&quot;:&quot;0&quot;,&quot;title&quot;:&quot;&quot;,&quot;orientation&quot;:&quot;0&quot;}\" data-image-title=\"Logo-Feldschiessen-2021\" data-image-description=\"\" data-image-caption=\"\" data-large-file=\"https:\/\/i0.wp.com\/www.schuetzengoldach.ch\/WordPress\/wp-content\/uploads\/2021\/05\/Logo-Feldschiessen-2021.jpg?fit=388%2C512&amp;ssl=1\" src=\"https:\/\/i0.wp.com\/www.schuetzengoldach.ch\/WordPress\/wp-content\/uploads\/2021\/05\/Logo-Feldschiessen-2021.jpg?resize=388%2C512&#038;ssl=1\" alt=\"\" class=\"wp-image-6229\" srcset=\"https:\/\/i0.wp.com\/www.schuetzengoldach.ch\/WordPress\/wp-content\/uploads\/2021\/05\/Logo-Feldschiessen-2021.jpg?w=388&amp;ssl=1 388w, https:\/\/i0.wp.com\/www.schuetzengoldach.ch\/WordPress\/wp-content\/uploads\/2021\/05\/Logo-Feldschiessen-2021.jpg?resize=227%2C300&amp;ssl=1 227w\" sizes=\"auto, (max-width: 388px) 85vw, 388px\" \/><\/figure>\n\n\n\n<p>Das gr\u00f6sste Sch\u00fctzenfest der Welt ?<br>Wenn sie mitmachen ist es bestimmt so!!!!!!<\/p>\n\n\n\n<p class=\"has-medium-font-size\"><strong>Ch\u00f6med sie doch au, mer freued \u00fcs uf sie<\/strong><\/p>\n\n\n\n<p>Schiesszeiten:<br>Freitag\u00a0\u00a0\u00a0\u00a0\u00a0\u00a0 21. Mai 21\u00a0\u00a0\u00a0\u00a0\u00a0\u00a0\u00a0\u00a0\u00a0 18.00 &#8211; 19.30<br>Freitag \u00a0\u00a0\u00a0\u00a0\u00a0\u00a028. Mai 21 \u00a0\u00a0\u00a0\u00a0\u00a0\u00a0\u00a0\u00a0 18.00 \u2013 19.30<br>Samstag \u00a0\u00a0\u00a029. Mai 21 \u00a0\u00a0\u00a0\u00a0\u00a0\u00a0\u00a0\u00a0 16.00 \u2013 18.00<br>Sonntag \u00a0\u00a0\u00a030. Mai 21 \u00a0\u00a0\u00a0\u00a0\u00a0\u00a0 \u00a0\u00a0 10.00 \u2013 11.30<br><\/p>\n\n\n\n<p>Mitmachen kommt vor dem Rang<\/p>\n\n\n\n<p>Schiessplatz Witen Goldach:&nbsp;&nbsp;&nbsp; 300m \/ 50m \/ 25m<\/p>\n\n\n\n<p>Die Sch\u00fctzengesellschaft Goldach l\u00e4dt euch alle herzlich zu diesem Anlass ein und freut sich \u00fcber eure Teilnahme<\/p>\n","protected":false},"excerpt":{"rendered":"<p>Das gr\u00f6sste Sch\u00fctzenfest der Welt ?Wenn sie mitmachen ist es bestimmt so!!!!!! Ch\u00f6med sie doch au, mer freued \u00fcs uf sie Schiesszeiten:Freitag\u00a0\u00a0\u00a0\u00a0\u00a0\u00a0 21. Mai 21\u00a0\u00a0\u00a0\u00a0\u00a0\u00a0\u00a0\u00a0\u00a0 18.00 &#8211; 19.30Freitag \u00a0\u00a0\u00a0\u00a0\u00a0\u00a028. Mai 21 \u00a0\u00a0\u00a0\u00a0\u00a0\u00a0\u00a0\u00a0 18.00 \u2013 19.30Samstag \u00a0\u00a0\u00a029. Mai 21 \u00a0\u00a0\u00a0\u00a0\u00a0\u00a0\u00a0\u00a0 16.00 \u2013 18.00Sonntag \u00a0\u00a0\u00a030. Mai 21 \u00a0\u00a0\u00a0\u00a0\u00a0\u00a0 \u00a0\u00a0 10.00 \u2013 11.30 Mitmachen kommt vor dem Rang &hellip; <a href=\"https:\/\/www.schuetzengoldach.ch\/WordPress\/?p=6228\" class=\"more-link\"><span class=\"screen-reader-text\">\u201eEidgen\u00f6ssisches Feldschiessen 2021\u201c <\/span>weiterlesen<\/a><\/p>\n","protected":false},"author":1,"featured_media":0,"comment_status":"closed","ping_status":"closed","sticky":false,"template":"","format":"standard","meta":{"ngg_post_thumbnail":0,"jetpack_post_was_ever_published":false,"_jetpack_newsletter_access":"","_jetpack_dont_email_post_to_subs":false,"_jetpack_newsletter_tier_id":0,"_jetpack_memberships_contains_paywalled_content":false,"_jetpack_memberships_contains_paid_content":false,"footnotes":"","jetpack_publicize_message":"","jetpack_publicize_feature_enabled":true,"jetpack_social_post_already_shared":true,"jetpack_social_options":{"image_generator_settings":{"template":"highway","default_image_id":0,"font":"","enabled":false},"version":2}},"categories":[7,9],"tags":[],"class_list":["post-6228","post","type-post","status-publish","format-standard","hentry","category-gewehr-300m","category-pistole-25-50-m"],"jetpack_publicize_connections":[],"jetpack_featured_media_url":"","jetpack_sharing_enabled":true,"jetpack_shortlink":"https:\/\/wp.me\/p7FXO8-1Cs","jetpack-related-posts":[],"_links":{"self":[{"href":"https:\/\/www.schuetzengoldach.ch\/WordPress\/index.php?rest_route=\/wp\/v2\/posts\/6228","targetHints":{"allow":["GET"]}}],"collection":[{"href":"https:\/\/www.schuetzengoldach.ch\/WordPress\/index.php?rest_route=\/wp\/v2\/posts"}],"about":[{"href":"https:\/\/www.schuetzengoldach.ch\/WordPress\/index.php?rest_route=\/wp\/v2\/types\/post"}],"author":[{"embeddable":true,"href":"https:\/\/www.schuetzengoldach.ch\/WordPress\/index.php?rest_route=\/wp\/v2\/users\/1"}],"replies":[{"embeddable":true,"href":"https:\/\/www.schuetzengoldach.ch\/WordPress\/index.php?rest_route=%2Fwp%2Fv2%2Fcomments&post=6228"}],"version-history":[{"count":5,"href":"https:\/\/www.schuetzengoldach.ch\/WordPress\/index.php?rest_route=\/wp\/v2\/posts\/6228\/revisions"}],"predecessor-version":[{"id":6237,"href":"https:\/\/www.schuetzengoldach.ch\/WordPress\/index.php?rest_route=\/wp\/v2\/posts\/6228\/revisions\/6237"}],"wp:attachment":[{"href":"https:\/\/www.schuetzengoldach.ch\/WordPress\/index.php?rest_route=%2Fwp%2Fv2%2Fmedia&parent=6228"}],"wp:term":[{"taxonomy":"category","embeddable":true,"href":"https:\/\/www.schuetzengoldach.ch\/WordPress\/index.php?rest_route=%2Fwp%2Fv2%2Fcategories&post=6228"},{"taxonomy":"post_tag","embeddable":true,"href":"https:\/\/www.schuetzengoldach.ch\/WordPress\/index.php?rest_route=%2Fwp%2Fv2%2Ftags&post=6228"}],"curies":[{"name":"wp","href":"https:\/\/api.w.org\/{rel}","templated":true}]}}