{"id":7664,"date":"2024-02-08T09:30:03","date_gmt":"2024-02-08T09:30:03","guid":{"rendered":"http:\/\/www.schuetzengoldach.ch\/WordPress\/?p=7664"},"modified":"2024-02-09T10:15:47","modified_gmt":"2024-02-09T10:15:47","slug":"final-ospsv-in-grabs-2024","status":"publish","type":"post","link":"https:\/\/www.schuetzengoldach.ch\/WordPress\/?p=7664","title":{"rendered":"Final  OSPSV in Grabs 2024"},"content":{"rendered":"\n<p><strong>2. Rang f\u00fcr die Nachwuchssch\u00fctzen der SG Goldach<\/strong><\/p>\n\n\n\n<figure class=\"wp-block-image size-full\"><img data-recalc-dims=\"1\" loading=\"lazy\" decoding=\"async\" width=\"777\" height=\"437\" data-attachment-id=\"7665\" data-permalink=\"https:\/\/www.schuetzengoldach.ch\/WordPress\/?attachment_id=7665\" data-orig-file=\"https:\/\/i0.wp.com\/www.schuetzengoldach.ch\/WordPress\/wp-content\/uploads\/2024\/02\/07-schutzen-1-777x437-1.jpeg?fit=777%2C437&amp;ssl=1\" data-orig-size=\"777,437\" data-comments-opened=\"0\" data-image-meta=\"{&quot;aperture&quot;:&quot;0&quot;,&quot;credit&quot;:&quot;&quot;,&quot;camera&quot;:&quot;&quot;,&quot;caption&quot;:&quot;&quot;,&quot;created_timestamp&quot;:&quot;0&quot;,&quot;copyright&quot;:&quot;&quot;,&quot;focal_length&quot;:&quot;0&quot;,&quot;iso&quot;:&quot;0&quot;,&quot;shutter_speed&quot;:&quot;0&quot;,&quot;title&quot;:&quot;&quot;,&quot;orientation&quot;:&quot;0&quot;}\" data-image-title=\"07-schutzen-1-777&amp;#215;437-1\" data-image-description=\"\" data-image-caption=\"\" data-large-file=\"https:\/\/i0.wp.com\/www.schuetzengoldach.ch\/WordPress\/wp-content\/uploads\/2024\/02\/07-schutzen-1-777x437-1.jpeg?fit=777%2C437&amp;ssl=1\" src=\"https:\/\/i0.wp.com\/www.schuetzengoldach.ch\/WordPress\/wp-content\/uploads\/2024\/02\/07-schutzen-1-777x437-1.jpeg?resize=777%2C437&#038;ssl=1\" alt=\"\" class=\"wp-image-7665\" srcset=\"https:\/\/i0.wp.com\/www.schuetzengoldach.ch\/WordPress\/wp-content\/uploads\/2024\/02\/07-schutzen-1-777x437-1.jpeg?w=777&amp;ssl=1 777w, https:\/\/i0.wp.com\/www.schuetzengoldach.ch\/WordPress\/wp-content\/uploads\/2024\/02\/07-schutzen-1-777x437-1.jpeg?resize=300%2C169&amp;ssl=1 300w, https:\/\/i0.wp.com\/www.schuetzengoldach.ch\/WordPress\/wp-content\/uploads\/2024\/02\/07-schutzen-1-777x437-1.jpeg?resize=768%2C432&amp;ssl=1 768w\" sizes=\"auto, (max-width: 709px) 85vw, (max-width: 909px) 67vw, (max-width: 984px) 61vw, (max-width: 1362px) 45vw, 600px\" \/><\/figure>\n\n\n\n<p>Auf dem Beitragsbild auf dem Treppchen \u201e2\u201c von links&nbsp;Samuel Balgar, Mia Blattner, Ronja Blattner<\/p>\n\n\n\n<p>Herzliche Gratulation an unsere Junioren zum zweiten Rang am Gruppenmeisterschaftsfinal des OSPSV in Grabs.<\/p>\n\n\n\n<p>1. Rang Neckertal\u00a0 \u00a0 \u00a0 \u00a0 1115 Pkt.<br><strong>2. Rang Goldach\u00a0 \u00a0 \u00a0 \u00a0 \u00a01104<\/strong><br>3. Rang Mauren-Berg\u00a0 \u00a01102<br><br>Auch zur Teilnahme am Einzelwettkampf<br>Kat. Jugend\u00a0 \u00a0Samuel Balgar\u00a0 17. Rang<br>Kat. Junioren Blattner Ronja\u00a0 \u00a0 \u00a04. Rang\u00a0\u00a0<\/p>\n\n\n\n<p><a href=\"https:\/\/www.schuetzengoldach.ch\/WordPress\/?page_id=7681\">Bilder in der Galerie<\/a><\/p>\n\n\n\n<p><\/p>\n\n\n\n<p>Bruno Hauser schreibt dazu im <a href=\"https:\/\/rorschacherecho.ch\/2024\/02\/07\/2-rang-fuer-die-nachwuchsschuetzen-der-sg-goldach\/?utm_source=mailpoet&amp;utm_medium=email&amp;utm_campaign=neues-vom-rorschacher-echo-tagliche-zusammenfassung_1\" target=\"_blank\" rel=\"noreferrer noopener\">Rorschacher Echo<\/a><\/p>\n\n\n\n<p>\u201eGratulation an die Nachwuchssch\u00fctzen der Sch\u00fctzengesellschaft Goldach<\/p>\n\n\n\n<p>Am vergangenen Wochenende fanden in Grabs die Meisterschaften des Ostschweizerischen Sportsch\u00fctzenverbandes OSPSV statt. Die Sch\u00fctzengesellschaft Goldach nahm mit einer Juniorengruppe an diesem Wettkampf teil. Sie mussten sich \u00fcber drei Vorrunden daf\u00fcr qualifizieren. Sie zeigten am Wettkampf eine starke Mannschaftsleistung und wurden daf\u00fcr mit dem zweiten Platz belohnt. Herzliche Gratulation an Ronja und Mia Blattner sowie an Samuel Balgar. Auch nahmen zwei Sch\u00fctzenInnen am Einzelwettkampf teil. Leider musste Samuel Balgar kurz nach dem Gruppenfinal bereits am Einzelfinal teilnehmen. Trotzdem schoss er ein beachtliches Resultat von 368.8 Punkten, was leider nicht f\u00fcr den Einzug ins Endfinale reichte. Ronja Blattner, die etwas mehr Erholungszeit hatte, konnte sich bei den Junioren mit 592.9 Punkten f\u00fcr den Endfinal qualifizieren. Dort erreichte sie den ausgezeichneten vierten Schlussrang.\u201c<\/p>\n\n\n\n<div data-wp-interactive=\"core\/file\" class=\"wp-block-file\"><object data-wp-bind--hidden=\"!state.hasPdfPreview\" hidden class=\"wp-block-file__embed\" data=\"https:\/\/www.schuetzengoldach.ch\/WordPress\/wp-content\/uploads\/2024\/02\/OSPSV_Finals_G10m_GM-Junioren-2024_Goldach.pdf\" type=\"application\/pdf\" style=\"width:100%;height:600px\" aria-label=\"Einbettung von OSPSV_Finals_G10m_GM-Junioren-2024_Goldach.\"><\/object><a id=\"wp-block-file--media-95ee3db5-92ed-4ce2-baa4-04e9e983def8\" href=\"https:\/\/www.schuetzengoldach.ch\/WordPress\/wp-content\/uploads\/2024\/02\/OSPSV_Finals_G10m_GM-Junioren-2024_Goldach.pdf\" target=\"_blank\" rel=\"noreferrer noopener\">OSPSV_Finals_G10m_GM-Junioren-2024_Goldach<\/a><a href=\"https:\/\/www.schuetzengoldach.ch\/WordPress\/wp-content\/uploads\/2024\/02\/OSPSV_Finals_G10m_GM-Junioren-2024_Goldach.pdf\" class=\"wp-block-file__button wp-element-button\" download aria-describedby=\"wp-block-file--media-95ee3db5-92ed-4ce2-baa4-04e9e983def8\">Herunterladen<\/a><\/div>\n\n\n\n<div data-wp-interactive=\"core\/file\" class=\"wp-block-file\"><object data-wp-bind--hidden=\"!state.hasPdfPreview\" hidden class=\"wp-block-file__embed\" data=\"https:\/\/www.schuetzengoldach.ch\/WordPress\/wp-content\/uploads\/2024\/02\/OSPSV_Finals_G10m_GM-Junioren-2024.pdf\" type=\"application\/pdf\" style=\"width:100%;height:600px\" aria-label=\"Einbettung von OSPSV_Finals_G10m_GM-Junioren-2024.\"><\/object><a id=\"wp-block-file--media-99792765-f61e-4704-a421-2ae0b879e1f3\" href=\"https:\/\/www.schuetzengoldach.ch\/WordPress\/wp-content\/uploads\/2024\/02\/OSPSV_Finals_G10m_GM-Junioren-2024.pdf\" target=\"_blank\" rel=\"noreferrer noopener\">OSPSV_Finals_G10m_GM-Junioren-2024<\/a><a href=\"https:\/\/www.schuetzengoldach.ch\/WordPress\/wp-content\/uploads\/2024\/02\/OSPSV_Finals_G10m_GM-Junioren-2024.pdf\" class=\"wp-block-file__button wp-element-button\" download aria-describedby=\"wp-block-file--media-99792765-f61e-4704-a421-2ae0b879e1f3\">Herunterladen<\/a><\/div>\n\n\n\n<p><\/p>\n","protected":false},"excerpt":{"rendered":"<p>2. Rang f\u00fcr die Nachwuchssch\u00fctzen der SG Goldach Auf dem Beitragsbild auf dem Treppchen \u201e2\u201c von links&nbsp;Samuel Balgar, Mia Blattner, Ronja Blattner Herzliche Gratulation an unsere Junioren zum zweiten Rang am Gruppenmeisterschaftsfinal des OSPSV in Grabs. 1. Rang Neckertal\u00a0 \u00a0 \u00a0 \u00a0 1115 Pkt.2. Rang Goldach\u00a0 \u00a0 \u00a0 \u00a0 \u00a011043. Rang Mauren-Berg\u00a0 \u00a01102 Auch zur &hellip; <a href=\"https:\/\/www.schuetzengoldach.ch\/WordPress\/?p=7664\" class=\"more-link\"><span class=\"screen-reader-text\">\u201eFinal  OSPSV in Grabs 2024\u201c <\/span>weiterlesen<\/a><\/p>\n","protected":false},"author":1,"featured_media":0,"comment_status":"closed","ping_status":"closed","sticky":false,"template":"","format":"standard","meta":{"ngg_post_thumbnail":0,"jetpack_post_was_ever_published":false,"_jetpack_newsletter_access":"","_jetpack_dont_email_post_to_subs":false,"_jetpack_newsletter_tier_id":0,"_jetpack_memberships_contains_paywalled_content":false,"_jetpack_memberships_contains_paid_content":false,"footnotes":"","jetpack_publicize_message":"","jetpack_publicize_feature_enabled":true,"jetpack_social_post_already_shared":true,"jetpack_social_options":{"image_generator_settings":{"template":"highway","default_image_id":0,"font":"","enabled":false},"version":2}},"categories":[6],"tags":[],"class_list":["post-7664","post","type-post","status-publish","format-standard","hentry","category-nachwuchs"],"jetpack_publicize_connections":[],"jetpack_featured_media_url":"","jetpack_sharing_enabled":true,"jetpack_shortlink":"https:\/\/wp.me\/p7FXO8-1ZC","jetpack-related-posts":[],"_links":{"self":[{"href":"https:\/\/www.schuetzengoldach.ch\/WordPress\/index.php?rest_route=\/wp\/v2\/posts\/7664","targetHints":{"allow":["GET"]}}],"collection":[{"href":"https:\/\/www.schuetzengoldach.ch\/WordPress\/index.php?rest_route=\/wp\/v2\/posts"}],"about":[{"href":"https:\/\/www.schuetzengoldach.ch\/WordPress\/index.php?rest_route=\/wp\/v2\/types\/post"}],"author":[{"embeddable":true,"href":"https:\/\/www.schuetzengoldach.ch\/WordPress\/index.php?rest_route=\/wp\/v2\/users\/1"}],"replies":[{"embeddable":true,"href":"https:\/\/www.schuetzengoldach.ch\/WordPress\/index.php?rest_route=%2Fwp%2Fv2%2Fcomments&post=7664"}],"version-history":[{"count":6,"href":"https:\/\/www.schuetzengoldach.ch\/WordPress\/index.php?rest_route=\/wp\/v2\/posts\/7664\/revisions"}],"predecessor-version":[{"id":7687,"href":"https:\/\/www.schuetzengoldach.ch\/WordPress\/index.php?rest_route=\/wp\/v2\/posts\/7664\/revisions\/7687"}],"wp:attachment":[{"href":"https:\/\/www.schuetzengoldach.ch\/WordPress\/index.php?rest_route=%2Fwp%2Fv2%2Fmedia&parent=7664"}],"wp:term":[{"taxonomy":"category","embeddable":true,"href":"https:\/\/www.schuetzengoldach.ch\/WordPress\/index.php?rest_route=%2Fwp%2Fv2%2Fcategories&post=7664"},{"taxonomy":"post_tag","embeddable":true,"href":"https:\/\/www.schuetzengoldach.ch\/WordPress\/index.php?rest_route=%2Fwp%2Fv2%2Ftags&post=7664"}],"curies":[{"name":"wp","href":"https:\/\/api.w.org\/{rel}","templated":true}]}}