{"id":8502,"date":"2025-07-11T07:25:44","date_gmt":"2025-07-11T07:25:44","guid":{"rendered":"https:\/\/www.schuetzengoldach.ch\/WordPress\/?p=8502"},"modified":"2025-07-11T07:25:44","modified_gmt":"2025-07-11T07:25:44","slug":"sg-goldach-am-st-galler-kantonalen-schuetzenfest","status":"publish","type":"post","link":"https:\/\/www.schuetzengoldach.ch\/WordPress\/?p=8502","title":{"rendered":"SG Goldach am St. Galler Kantonalen Sch\u00fctzenfest"},"content":{"rendered":"\n<figure class=\"wp-block-image size-large\"><img data-recalc-dims=\"1\" loading=\"lazy\" decoding=\"async\" width=\"840\" height=\"569\" data-attachment-id=\"8503\" data-permalink=\"https:\/\/www.schuetzengoldach.ch\/WordPress\/?attachment_id=8503\" data-orig-file=\"https:\/\/i0.wp.com\/www.schuetzengoldach.ch\/WordPress\/wp-content\/uploads\/2025\/07\/screenshot-2025-07-09-07-04-36.png?fit=1284%2C870&amp;ssl=1\" data-orig-size=\"1284,870\" data-comments-opened=\"0\" data-image-meta=\"{&quot;aperture&quot;:&quot;0&quot;,&quot;credit&quot;:&quot;&quot;,&quot;camera&quot;:&quot;&quot;,&quot;caption&quot;:&quot;&quot;,&quot;created_timestamp&quot;:&quot;0&quot;,&quot;copyright&quot;:&quot;&quot;,&quot;focal_length&quot;:&quot;0&quot;,&quot;iso&quot;:&quot;0&quot;,&quot;shutter_speed&quot;:&quot;0&quot;,&quot;title&quot;:&quot;&quot;,&quot;orientation&quot;:&quot;0&quot;}\" data-image-title=\"screenshot-2025-07-09-07-04-36\" data-image-description=\"\" data-image-caption=\"\" data-large-file=\"https:\/\/i0.wp.com\/www.schuetzengoldach.ch\/WordPress\/wp-content\/uploads\/2025\/07\/screenshot-2025-07-09-07-04-36.png?fit=840%2C569&amp;ssl=1\" src=\"https:\/\/i0.wp.com\/www.schuetzengoldach.ch\/WordPress\/wp-content\/uploads\/2025\/07\/screenshot-2025-07-09-07-04-36.png?resize=840%2C569&#038;ssl=1\" alt=\"\" class=\"wp-image-8503\" srcset=\"https:\/\/i0.wp.com\/www.schuetzengoldach.ch\/WordPress\/wp-content\/uploads\/2025\/07\/screenshot-2025-07-09-07-04-36.png?resize=1024%2C694&amp;ssl=1 1024w, https:\/\/i0.wp.com\/www.schuetzengoldach.ch\/WordPress\/wp-content\/uploads\/2025\/07\/screenshot-2025-07-09-07-04-36.png?resize=300%2C203&amp;ssl=1 300w, https:\/\/i0.wp.com\/www.schuetzengoldach.ch\/WordPress\/wp-content\/uploads\/2025\/07\/screenshot-2025-07-09-07-04-36.png?resize=768%2C520&amp;ssl=1 768w, https:\/\/i0.wp.com\/www.schuetzengoldach.ch\/WordPress\/wp-content\/uploads\/2025\/07\/screenshot-2025-07-09-07-04-36.png?resize=1200%2C813&amp;ssl=1 1200w, https:\/\/i0.wp.com\/www.schuetzengoldach.ch\/WordPress\/wp-content\/uploads\/2025\/07\/screenshot-2025-07-09-07-04-36.png?w=1284&amp;ssl=1 1284w\" sizes=\"auto, (max-width: 709px) 85vw, (max-width: 909px) 67vw, (max-width: 1362px) 62vw, 840px\" \/><\/figure>\n\n\n\n<p>\u201eAm vergangenen Wochenende besuchte die Sch\u00fctzengesellschaft Goldach das St. Galler Kantonale Sch\u00fctzenfest in Sargans. <br>Am Morgen mussten wir zuerst nach Walenstadt fahren, um die Sportger\u00e4te zu plombieren. Danach fuhren alle nach Sargans, wo die Pistolen- und Gewehrsch\u00fctzen im gleichen Schiessstand ihr Programm absolvieren konnten. Trotz der W\u00e4rme erzielte der eine oder andere beachtliche Resultate. <br>So schoss Fabian H\u00f6rler im Milit\u00e4rstich ausgezeichnete 377 Punkte, was ihm zum dritten Gesamtrang reichte. <br>Auch Robin M\u00fcller erreichte im Vereinsstich sehr gute 97 Punkte. <br>Der Verein klassierte sich in der vierten Kategorie im 10. Rang. <br>Die Pistolensch\u00fctzen k\u00e4mpften im Raum daneben auf die 50m Distanz. <br>K\u00fchler war es aber auch dort nicht. Sie klassierten sich im 35. Rang, wobei hier alle von der ersten bis zur dritten Kategorie dabei sind. J\u00e9r\u00f4me H\u00f6gger erzielte im Vereinsstich sehr gute 96 Punkte. <br>Da die Pistolen- und Gewehrsch\u00fctzen im gleichen Stand schossen, konnte auch zwischen den Wettk\u00e4mpfen die Kameradschaft gepflegt werden. <br>Nach absolviertem Programm hiess es wieder den Weg nach Walenstadt unter die R\u00e4der zu nehmen, um den verdienten Lohn abzuholen. Anschliessend trafen wir uns noch zum Abendessen oberhalb Mels zum gem\u00fctlichen Abschluss des Anlasses. <br>Es wurden folgende Auszeichnungen mit der Pistole erreicht: H\u00f6gger J\u00e9r\u00f4me 7 Kranzresultate plus die grosse Meisterschaft; Huber Simon 4fach; Kast Beat 5fach; Pitsch Harry 3fach. Gewehrsch\u00fctzen: De Pedrini Matteo 1fach; Frei Josef 1fach; Friedrich Andr\u00e9 2fach; G\u00e4chter Thomas 3fach; Hauser Bruno 1fach; H\u00f6rler Fabian 5fach; Koller Roger 4fach; M\u00fcller Robin 7fach; Schneider Urs 4fach; Thoma Rolf 5fach.\u201c<\/p>\n","protected":false},"excerpt":{"rendered":"<p>\u201eAm vergangenen Wochenende besuchte die Sch\u00fctzengesellschaft Goldach das St. Galler Kantonale Sch\u00fctzenfest in Sargans. Am Morgen mussten wir zuerst nach Walenstadt fahren, um die Sportger\u00e4te zu plombieren. Danach fuhren alle nach Sargans, wo die Pistolen- und Gewehrsch\u00fctzen im gleichen Schiessstand ihr Programm absolvieren konnten. Trotz der W\u00e4rme erzielte der eine oder andere beachtliche Resultate. So &hellip; <a href=\"https:\/\/www.schuetzengoldach.ch\/WordPress\/?p=8502\" class=\"more-link\"><span class=\"screen-reader-text\">\u201eSG Goldach am St. Galler Kantonalen Sch\u00fctzenfest\u201c <\/span>weiterlesen<\/a><\/p>\n","protected":false},"author":1,"featured_media":0,"comment_status":"closed","ping_status":"closed","sticky":false,"template":"","format":"standard","meta":{"ngg_post_thumbnail":0,"jetpack_post_was_ever_published":false,"_jetpack_newsletter_access":"","_jetpack_dont_email_post_to_subs":false,"_jetpack_newsletter_tier_id":0,"_jetpack_memberships_contains_paywalled_content":false,"_jetpack_memberships_contains_paid_content":false,"footnotes":"","jetpack_publicize_message":"","jetpack_publicize_feature_enabled":true,"jetpack_social_post_already_shared":true,"jetpack_social_options":{"image_generator_settings":{"template":"highway","default_image_id":0,"font":"","enabled":false},"version":2}},"categories":[7,12,9],"tags":[],"class_list":["post-8502","post","type-post","status-publish","format-standard","hentry","category-gewehr-300m","category-news","category-pistole-25-50-m"],"jetpack_publicize_connections":[],"jetpack_featured_media_url":"","jetpack_sharing_enabled":true,"jetpack_shortlink":"https:\/\/wp.me\/p7FXO8-2d8","jetpack-related-posts":[],"_links":{"self":[{"href":"https:\/\/www.schuetzengoldach.ch\/WordPress\/index.php?rest_route=\/wp\/v2\/posts\/8502","targetHints":{"allow":["GET"]}}],"collection":[{"href":"https:\/\/www.schuetzengoldach.ch\/WordPress\/index.php?rest_route=\/wp\/v2\/posts"}],"about":[{"href":"https:\/\/www.schuetzengoldach.ch\/WordPress\/index.php?rest_route=\/wp\/v2\/types\/post"}],"author":[{"embeddable":true,"href":"https:\/\/www.schuetzengoldach.ch\/WordPress\/index.php?rest_route=\/wp\/v2\/users\/1"}],"replies":[{"embeddable":true,"href":"https:\/\/www.schuetzengoldach.ch\/WordPress\/index.php?rest_route=%2Fwp%2Fv2%2Fcomments&post=8502"}],"version-history":[{"count":2,"href":"https:\/\/www.schuetzengoldach.ch\/WordPress\/index.php?rest_route=\/wp\/v2\/posts\/8502\/revisions"}],"predecessor-version":[{"id":8505,"href":"https:\/\/www.schuetzengoldach.ch\/WordPress\/index.php?rest_route=\/wp\/v2\/posts\/8502\/revisions\/8505"}],"wp:attachment":[{"href":"https:\/\/www.schuetzengoldach.ch\/WordPress\/index.php?rest_route=%2Fwp%2Fv2%2Fmedia&parent=8502"}],"wp:term":[{"taxonomy":"category","embeddable":true,"href":"https:\/\/www.schuetzengoldach.ch\/WordPress\/index.php?rest_route=%2Fwp%2Fv2%2Fcategories&post=8502"},{"taxonomy":"post_tag","embeddable":true,"href":"https:\/\/www.schuetzengoldach.ch\/WordPress\/index.php?rest_route=%2Fwp%2Fv2%2Ftags&post=8502"}],"curies":[{"name":"wp","href":"https:\/\/api.w.org\/{rel}","templated":true}]}}